{"id":458,"date":"2026-03-27T11:00:58","date_gmt":"2026-03-27T09:00:58","guid":{"rendered":"https:\/\/castelulmaria.ro\/?p=458"},"modified":"2026-04-23T17:05:54","modified_gmt":"2026-04-23T14:05:54","slug":"gradina-florile-ceaiul-si-ceramica-o-experienta-senzoriala","status":"publish","type":"post","link":"https:\/\/castelulmaria.ro\/en\/2026\/03\/27\/gradina-florile-ceaiul-si-ceramica-o-experienta-senzoriala\/","title":{"rendered":"Gr\u0103dina, florile, ceaiul \u0219i ceramica &#8211; o experien\u021b\u0103 senzorial\u0103\u00a0"},"content":{"rendered":"\n<p>Anul acesta, la Castelul Maria, se contureaz\u0103 o nou\u0103 experien\u021b\u0103. Gr\u0103dina a fost mereu \u00eenceputul. Aici vezi, respiri, te opre\u0219ti. Dar, la un moment dat, sim\u021bi c\u0103 vrei mai mult dec\u00e2t s\u0103 prive\u0219ti.<\/p>\n\n\n\n<p>Vrei s\u0103 atingi. S\u0103 creezi. S\u0103 r\u0103m\u00e2i. A\u0219a au ap\u0103rut aceste weekenduri \u00een care frumuse\u021bea nu se opre\u0219te la ochi, ci trece mai departe, prin toate sim\u021burile.<\/p>\n\n\n\n<p>Diminea\u021ba \u00eencepe cu lumin\u0103 \u0219i flori \u2014 \u00een gr\u0103dina Castelului Maria sau \u00een apropiere, la <a href=\"https:\/\/igiardinidizoe.ro\/\">Giardini di Zoe <\/a>\u0219i <a href=\"https:\/\/ro.wikipedia.org\/wiki\/Arboretumul_Simeria\">Parcul Dendrologic Simeria<\/a>.<\/p>\n\n\n\n<p>La doar c\u00e2teva minute de noi, la<a href=\"https:\/\/www.facebook.com\/profile.php?id=100040408941349\"> Ceramica David<\/a>, lutul prinde form\u0103 \u00eentre palme.<\/p>\n\n\n\n<p>\u00cel sim\u021bi rece, viu. \u00cei sim\u021bi mirosul \u2014 discret, p\u0103m\u00e2ntiu.<\/p>\n\n\n\n<p>Roata se \u00eenv\u00e2rte \u0219i are un sunet care lini\u0219te\u0219te.<\/p>\n\n\n\n<p>Nu mai e doar lini\u0219tea gr\u0103dinii, e o lini\u0219te care se construie\u0219te.<\/p>\n\n\n\n<p>R\u0103m\u00e2ne gustul \u2014 o mas\u0103 simpl\u0103, un ceai, o pauz\u0103 \u00een care toate se leag\u0103.<\/p>\n\n\n\n<p>\u0218i r\u0103m\u00e2ne ceva mai greu de numit, dar u\u0219or de sim\u021bit: o bucurie care vine din faptul c\u0103 ai fost prezent.<\/p>\n\n\n\n<p>Ne dorim ca aceste experien\u021be s\u0103 fie rare \u0219i a\u0219ezate, \u00een anumite weekenduri.<\/p>\n\n\n\n<p>Doar at\u00e2t c\u00e2t trebuie pentru ca fiecare s\u0103 plece cu ceva mai mult dec\u00e2t o amintire.<\/p>\n\n\n\n<p>Poate o form\u0103.<\/p>\n\n\n\n<p>Poate o stare.<\/p>\n\n\n\n<p>Un \u00eenceput.<\/p>\n\n\n\n<figure class=\"wp-block-gallery has-nested-images columns-default is-cropped wp-block-gallery-1 is-layout-flex wp-block-gallery-is-layout-flex\">\n<figure class=\"wp-block-image size-large\"><img loading=\"lazy\" decoding=\"async\" width=\"1024\" height=\"768\" data-id=\"459\" src=\"https:\/\/castelulmaria.ro\/wp-content\/uploads\/2026\/03\/526980209_1571371384219811_7820313549375206070_n-1024x768.jpg\" alt=\"\" class=\"wp-image-459\" srcset=\"https:\/\/castelulmaria.ro\/wp-content\/uploads\/2026\/03\/526980209_1571371384219811_7820313549375206070_n-1024x768.jpg 1024w, https:\/\/castelulmaria.ro\/wp-content\/uploads\/2026\/03\/526980209_1571371384219811_7820313549375206070_n-300x225.jpg 300w, https:\/\/castelulmaria.ro\/wp-content\/uploads\/2026\/03\/526980209_1571371384219811_7820313549375206070_n-768x576.jpg 768w, https:\/\/castelulmaria.ro\/wp-content\/uploads\/2026\/03\/526980209_1571371384219811_7820313549375206070_n-1536x1152.jpg 1536w, https:\/\/castelulmaria.ro\/wp-content\/uploads\/2026\/03\/526980209_1571371384219811_7820313549375206070_n-16x12.jpg 16w, https:\/\/castelulmaria.ro\/wp-content\/uploads\/2026\/03\/526980209_1571371384219811_7820313549375206070_n.jpg 2048w\" sizes=\"auto, (max-width: 1024px) 100vw, 1024px\" \/><\/figure>\n\n\n\n<figure class=\"wp-block-image size-large\"><img loading=\"lazy\" decoding=\"async\" width=\"576\" height=\"1024\" data-id=\"460\" src=\"https:\/\/castelulmaria.ro\/wp-content\/uploads\/2026\/03\/WhatsApp-Image-2026-03-25-at-16.35.34-576x1024.jpeg\" alt=\"\" class=\"wp-image-460\" srcset=\"https:\/\/castelulmaria.ro\/wp-content\/uploads\/2026\/03\/WhatsApp-Image-2026-03-25-at-16.35.34-576x1024.jpeg 576w, https:\/\/castelulmaria.ro\/wp-content\/uploads\/2026\/03\/WhatsApp-Image-2026-03-25-at-16.35.34-169x300.jpeg 169w, https:\/\/castelulmaria.ro\/wp-content\/uploads\/2026\/03\/WhatsApp-Image-2026-03-25-at-16.35.34-768x1365.jpeg 768w, https:\/\/castelulmaria.ro\/wp-content\/uploads\/2026\/03\/WhatsApp-Image-2026-03-25-at-16.35.34-864x1536.jpeg 864w, https:\/\/castelulmaria.ro\/wp-content\/uploads\/2026\/03\/WhatsApp-Image-2026-03-25-at-16.35.34-7x12.jpeg 7w, https:\/\/castelulmaria.ro\/wp-content\/uploads\/2026\/03\/WhatsApp-Image-2026-03-25-at-16.35.34.jpeg 1152w\" sizes=\"auto, (max-width: 576px) 100vw, 576px\" \/><\/figure>\n<\/figure>\n\n\n\n<hr class=\"wp-block-separator has-alpha-channel-opacity\"\/>\n\n\n\n<h2 class=\"wp-block-heading has-text-align-center\"><strong>Ie\u0219ire de 1 Mai la Castelul Maria \u2013 gr\u0103dini \u0219i atelier de ceramic\u0103 <img loading=\"lazy\" decoding=\"async\" height=\"16\" width=\"16\" src=\"https:\/\/static.xx.fbcdn.net\/images\/emoji.php\/v9\/t9b\/1\/16\/1f33c.png\" alt=\"&#x1f33c;\"><img loading=\"lazy\" decoding=\"async\" height=\"16\" width=\"16\" src=\"https:\/\/static.xx.fbcdn.net\/images\/emoji.php\/v9\/t91\/1\/16\/2615.png\" alt=\"&#x2615;\"><\/strong><\/h2>\n\n\n\n<p>Deschizi cartea de pove\u0219ti \u0219i intri \u00een gr\u0103dina Castelului Maria. Mai departe, po\u021bi continua \u00een Giardini di Zoe sau \u00een parcul de la Simeria, unde te po\u021bi plimba \u0219i admira, \u00een lini\u0219te, arbori care au mai mult de 100 de ani.<\/p>\n\n\n\n<p>\u00cen diminea\u021ba zilei de 1 mai, am preg\u0103tit pentru tine atelierul de ceramic\u0103 al\u0103turi de <a href=\"https:\/\/www.facebook.com\/profile.php?id=100040408941349&amp;__cft__[0]=AZa3heOz6PQVOMPtBioo0D4R1KyJkuamzoyHdOb2zuGHObDihlmEmAoJWe_mfNdgmHxSmgZBvG6A-aZIYX5vgt_kuzgz0jRiRe3oluu3RLghBqYDnO2Vy3htMRodA9sJv9Yi5pBGQSh2Zc8Eig8kzsQyXYwYSZK1tila6J5XE_O-QzffRAR7kO_GIGFXZtx8HHQ&amp;__tn__=-]K-R\">Ceramica David<\/a> . Lucrezi cu m\u00e2inile, te joci, \u00eenve\u021bi s\u0103 modelezi p\u0103m\u00e2ntul.<\/p>\n\n\n<div class=\"wp-block-image\">\n<figure class=\"alignright size-large is-resized\"><img loading=\"lazy\" decoding=\"async\" width=\"683\" height=\"1024\" src=\"https:\/\/castelulmaria.ro\/wp-content\/uploads\/2026\/01\/1aDSC_0297-683x1024.jpg\" alt=\"\" class=\"wp-image-409\" style=\"aspect-ratio:0.6669909799513993;width:351px;height:auto\" srcset=\"https:\/\/castelulmaria.ro\/wp-content\/uploads\/2026\/01\/1aDSC_0297-683x1024.jpg 683w, https:\/\/castelulmaria.ro\/wp-content\/uploads\/2026\/01\/1aDSC_0297-200x300.jpg 200w, https:\/\/castelulmaria.ro\/wp-content\/uploads\/2026\/01\/1aDSC_0297-768x1152.jpg 768w, https:\/\/castelulmaria.ro\/wp-content\/uploads\/2026\/01\/1aDSC_0297-1024x1536.jpg 1024w, https:\/\/castelulmaria.ro\/wp-content\/uploads\/2026\/01\/1aDSC_0297-1365x2048.jpg 1365w, https:\/\/castelulmaria.ro\/wp-content\/uploads\/2026\/01\/1aDSC_0297-8x12.jpg 8w, https:\/\/castelulmaria.ro\/wp-content\/uploads\/2026\/01\/1aDSC_0297-scaled.jpg 1707w\" sizes=\"auto, (max-width: 683px) 100vw, 683px\" \/><\/figure>\n<\/div>\n\n\n<p>Oferta este de 3 nop\u021bi \/ 2 persoane<\/p>\n\n\n\n<p>Sosire: 30 aprilie, dup\u0103 ora 16:00<\/p>\n\n\n\n<p>Plecare: 3 mai, p\u00e2n\u0103 la ora 11:00<\/p>\n\n\n\n<p><strong>Include<\/strong>:<\/p>\n\n\n\n<p>\u2013 3 nop\u021bi cazare en suite<\/p>\n\n\n\n<p>\u2013 mic dejun tip bufet, \u00eentre 09:00 \u2013 10:30<\/p>\n\n\n\n<p>\u2013 cina \u00een fiecare sear\u0103, \u00eentre 20:00 \u2013 21:30<\/p>\n\n\n\n<p>\u2013 la cin\u0103: 3 feluri de m\u00e2ncare g\u0103tite \u00een cas\u0103, o caraf\u0103 de vin sau limonad\u0103, ap\u0103, cafea sau ceai<\/p>\n\n\n\n<p>\u2013 atelier de ceramic\u0103 (1\u20132 ore), \u00een diminea\u021ba zilei de 1 mai<\/p>\n\n\n\n<p class=\"has-text-align-center\"><strong>Tarif<\/strong><\/p>\n\n\n\n<p>2.910 RON \/ 2 persoane \/ 3 nop\u021bi<\/p>\n\n\n\n<p>Rezervare<\/p>\n\n\n\n<p>\u2013 50% avans<\/p>\n\n\n\n<p>\u2013 diferen\u021ba cu 3 zile \u00eenainte de sosire<\/p>\n\n\n\n<p>Te a\u0219tept\u0103m cu mare drag \u00een gr\u0103din\u0103, s\u0103 te bucuri de satele transilv\u0103nene, de pomii \u00een floare \u0219i de me\u0219te\u0219ugul ceramicii de la noi!<\/p>\n\n\n\n<p>Rezerv\u0103 prin mail sau sms la 0722382212 sau luminita.castelulmaria@gmail.com <img loading=\"lazy\" decoding=\"async\" height=\"16\" width=\"16\" alt=\"&#x1f337;\" src=\"https:\/\/static.xx.fbcdn.net\/images\/emoji.php\/v9\/t6f\/1\/16\/1f337.png\"><\/p>\n\n\n\n<p><\/p>\n\n\n\n<p class=\"has-text-align-center\"><\/p>\n\n\n\n<p>&#8211;<\/p>\n\n\n\n<p>V\u0103 a\u0219tept\u0103m, doar pe baz\u0103 de rezervare, mail sau sms pe 0722382212, <a href=\"mailto:luminita.castelulmaria@gmail.com\" target=\"_blank\" rel=\"noreferrer noopener\">luminita.castelulmaria@gmail.com<\/a>.<\/p>\n","protected":false},"excerpt":{"rendered":"<p>Anul acesta, la Castelul Maria, se contureaz\u0103 o nou\u0103 experien\u021b\u0103 &#8211; cazare, mas\u0103 \u0219i atelier de ceramic\u0103 al\u0103turi de Ceramica David.<\/p>","protected":false},"author":1,"featured_media":459,"comment_status":"open","ping_status":"open","sticky":false,"template":"","format":"standard","meta":{"_jetpack_memberships_contains_paid_content":false,"footnotes":""},"categories":[23],"tags":[],"class_list":["post-458","post","type-post","status-publish","format-standard","has-post-thumbnail","hentry","category-oferte"],"yoast_head":"<!-- This site is optimized with the Yoast SEO plugin v27.2 - https:\/\/yoast.com\/product\/yoast-seo-wordpress\/ -->\n<title>Gr\u0103dina, florile, ceaiul \u0219i ceramica - o experien\u021b\u0103 senzorial\u0103\u00a0 - Castelul Maria<\/title>\n<meta name=\"description\" content=\"Anul acesta, la Castelul Maria, se contureaz\u0103 o nou\u0103 experien\u021b\u0103 - un atelier de ceramic\u0103, \u00een colaborare cu Ceramica David.\" \/>\n<meta name=\"robots\" content=\"index, follow, max-snippet:-1, max-image-preview:large, max-video-preview:-1\" \/>\n<link rel=\"canonical\" href=\"https:\/\/castelulmaria.ro\/en\/2026\/03\/27\/gradina-florile-ceaiul-si-ceramica-o-experienta-senzoriala\/\" \/>\n<meta property=\"og:locale\" content=\"en_US\" \/>\n<meta property=\"og:type\" content=\"article\" \/>\n<meta property=\"og:title\" content=\"Gr\u0103dina, florile, ceaiul \u0219i ceramica - o experien\u021b\u0103 senzorial\u0103\u00a0 - Castelul Maria\" \/>\n<meta property=\"og:description\" content=\"Anul acesta, la Castelul Maria, se contureaz\u0103 o nou\u0103 experien\u021b\u0103 - un atelier de ceramic\u0103, \u00een colaborare cu Ceramica David.\" \/>\n<meta property=\"og:url\" content=\"https:\/\/castelulmaria.ro\/en\/2026\/03\/27\/gradina-florile-ceaiul-si-ceramica-o-experienta-senzoriala\/\" \/>\n<meta property=\"og:site_name\" content=\"Castelul Maria\" \/>\n<meta property=\"article:publisher\" content=\"https:\/\/www.facebook.com\/vilacastelulmaria\/\" \/>\n<meta property=\"article:published_time\" content=\"2026-03-27T09:00:58+00:00\" \/>\n<meta property=\"article:modified_time\" content=\"2026-04-23T14:05:54+00:00\" \/>\n<meta property=\"og:image\" content=\"https:\/\/castelulmaria.ro\/wp-content\/uploads\/2026\/03\/526980209_1571371384219811_7820313549375206070_n.jpg\" \/>\n\t<meta property=\"og:image:width\" content=\"2048\" \/>\n\t<meta property=\"og:image:height\" content=\"1536\" \/>\n\t<meta property=\"og:image:type\" content=\"image\/jpeg\" \/>\n<meta name=\"author\" content=\"admin\" \/>\n<meta name=\"twitter:card\" content=\"summary_large_image\" \/>\n<meta name=\"twitter:label1\" content=\"Written by\" \/>\n\t<meta name=\"twitter:data1\" content=\"admin\" \/>\n\t<meta name=\"twitter:label2\" content=\"Est. reading time\" \/>\n\t<meta name=\"twitter:data2\" content=\"4 minutes\" \/>\n<script type=\"application\/ld+json\" class=\"yoast-schema-graph\">{\"@context\":\"https:\/\/schema.org\",\"@graph\":[{\"@type\":\"Article\",\"@id\":\"https:\/\/castelulmaria.ro\/2026\/03\/27\/gradina-florile-ceaiul-si-ceramica-o-experienta-senzoriala\/#article\",\"isPartOf\":{\"@id\":\"https:\/\/castelulmaria.ro\/2026\/03\/27\/gradina-florile-ceaiul-si-ceramica-o-experienta-senzoriala\/\"},\"author\":{\"name\":\"admin\",\"@id\":\"https:\/\/snow-grasshopper-269883.hostingersite.com\/#\/schema\/person\/2eb21ac4c53f2c7a858d8485d122a3b5\"},\"headline\":\"Gr\u0103dina, florile, ceaiul \u0219i ceramica &#8211; o experien\u021b\u0103 senzorial\u0103\u00a0\",\"datePublished\":\"2026-03-27T09:00:58+00:00\",\"dateModified\":\"2026-04-23T14:05:54+00:00\",\"mainEntityOfPage\":{\"@id\":\"https:\/\/castelulmaria.ro\/2026\/03\/27\/gradina-florile-ceaiul-si-ceramica-o-experienta-senzoriala\/\"},\"wordCount\":469,\"commentCount\":0,\"image\":{\"@id\":\"https:\/\/castelulmaria.ro\/2026\/03\/27\/gradina-florile-ceaiul-si-ceramica-o-experienta-senzoriala\/#primaryimage\"},\"thumbnailUrl\":\"https:\/\/castelulmaria.ro\/wp-content\/uploads\/2026\/03\/526980209_1571371384219811_7820313549375206070_n.jpg\",\"articleSection\":[\"Oferte\"],\"inLanguage\":\"en-US\",\"potentialAction\":[{\"@type\":\"CommentAction\",\"name\":\"Comment\",\"target\":[\"https:\/\/castelulmaria.ro\/2026\/03\/27\/gradina-florile-ceaiul-si-ceramica-o-experienta-senzoriala\/#respond\"]}]},{\"@type\":\"WebPage\",\"@id\":\"https:\/\/castelulmaria.ro\/2026\/03\/27\/gradina-florile-ceaiul-si-ceramica-o-experienta-senzoriala\/\",\"url\":\"https:\/\/castelulmaria.ro\/2026\/03\/27\/gradina-florile-ceaiul-si-ceramica-o-experienta-senzoriala\/\",\"name\":\"Gr\u0103dina, florile, ceaiul \u0219i ceramica - o experien\u021b\u0103 senzorial\u0103\u00a0 - Castelul Maria\",\"isPartOf\":{\"@id\":\"https:\/\/snow-grasshopper-269883.hostingersite.com\/#website\"},\"primaryImageOfPage\":{\"@id\":\"https:\/\/castelulmaria.ro\/2026\/03\/27\/gradina-florile-ceaiul-si-ceramica-o-experienta-senzoriala\/#primaryimage\"},\"image\":{\"@id\":\"https:\/\/castelulmaria.ro\/2026\/03\/27\/gradina-florile-ceaiul-si-ceramica-o-experienta-senzoriala\/#primaryimage\"},\"thumbnailUrl\":\"https:\/\/castelulmaria.ro\/wp-content\/uploads\/2026\/03\/526980209_1571371384219811_7820313549375206070_n.jpg\",\"datePublished\":\"2026-03-27T09:00:58+00:00\",\"dateModified\":\"2026-04-23T14:05:54+00:00\",\"author\":{\"@id\":\"https:\/\/snow-grasshopper-269883.hostingersite.com\/#\/schema\/person\/2eb21ac4c53f2c7a858d8485d122a3b5\"},\"description\":\"Anul acesta, la Castelul Maria, se contureaz\u0103 o nou\u0103 experien\u021b\u0103 - un atelier de ceramic\u0103, \u00een colaborare cu Ceramica David.\",\"breadcrumb\":{\"@id\":\"https:\/\/castelulmaria.ro\/2026\/03\/27\/gradina-florile-ceaiul-si-ceramica-o-experienta-senzoriala\/#breadcrumb\"},\"inLanguage\":\"en-US\",\"potentialAction\":[{\"@type\":\"ReadAction\",\"target\":[\"https:\/\/castelulmaria.ro\/2026\/03\/27\/gradina-florile-ceaiul-si-ceramica-o-experienta-senzoriala\/\"]}]},{\"@type\":\"ImageObject\",\"inLanguage\":\"en-US\",\"@id\":\"https:\/\/castelulmaria.ro\/2026\/03\/27\/gradina-florile-ceaiul-si-ceramica-o-experienta-senzoriala\/#primaryimage\",\"url\":\"https:\/\/castelulmaria.ro\/wp-content\/uploads\/2026\/03\/526980209_1571371384219811_7820313549375206070_n.jpg\",\"contentUrl\":\"https:\/\/castelulmaria.ro\/wp-content\/uploads\/2026\/03\/526980209_1571371384219811_7820313549375206070_n.jpg\",\"width\":2048,\"height\":1536},{\"@type\":\"BreadcrumbList\",\"@id\":\"https:\/\/castelulmaria.ro\/2026\/03\/27\/gradina-florile-ceaiul-si-ceramica-o-experienta-senzoriala\/#breadcrumb\",\"itemListElement\":[{\"@type\":\"ListItem\",\"position\":1,\"name\":\"Prima pagin\u0103\",\"item\":\"https:\/\/castelulmaria.ro\/\"},{\"@type\":\"ListItem\",\"position\":2,\"name\":\"Gr\u0103dina, florile, ceaiul \u0219i ceramica &#8211; o experien\u021b\u0103 senzorial\u0103\u00a0\"}]},{\"@type\":\"WebSite\",\"@id\":\"https:\/\/snow-grasshopper-269883.hostingersite.com\/#website\",\"url\":\"https:\/\/snow-grasshopper-269883.hostingersite.com\/\",\"name\":\"Castelul Maria\",\"description\":\"Cazare in Transilvania\",\"potentialAction\":[{\"@type\":\"SearchAction\",\"target\":{\"@type\":\"EntryPoint\",\"urlTemplate\":\"https:\/\/snow-grasshopper-269883.hostingersite.com\/?s={search_term_string}\"},\"query-input\":{\"@type\":\"PropertyValueSpecification\",\"valueRequired\":true,\"valueName\":\"search_term_string\"}}],\"inLanguage\":\"en-US\"},{\"@type\":\"Person\",\"@id\":\"https:\/\/snow-grasshopper-269883.hostingersite.com\/#\/schema\/person\/2eb21ac4c53f2c7a858d8485d122a3b5\",\"name\":\"admin\",\"image\":{\"@type\":\"ImageObject\",\"inLanguage\":\"en-US\",\"@id\":\"https:\/\/secure.gravatar.com\/avatar\/b75e84f2dd328112155b1e3f6ab7e223822248a2f52c8ebeeea1da8a7b886449?s=96&d=mm&r=g\",\"url\":\"https:\/\/secure.gravatar.com\/avatar\/b75e84f2dd328112155b1e3f6ab7e223822248a2f52c8ebeeea1da8a7b886449?s=96&d=mm&r=g\",\"contentUrl\":\"https:\/\/secure.gravatar.com\/avatar\/b75e84f2dd328112155b1e3f6ab7e223822248a2f52c8ebeeea1da8a7b886449?s=96&d=mm&r=g\",\"caption\":\"admin\"},\"sameAs\":[\"https:\/\/castelulmaria.ro\"],\"url\":\"https:\/\/castelulmaria.ro\/en\/author\/admin\/\"}]}<\/script>\n<!-- \/ Yoast SEO plugin. -->","yoast_head_json":{"title":"Gr\u0103dina, florile, ceaiul \u0219i ceramica - o experien\u021b\u0103 senzorial\u0103\u00a0 - Castelul Maria","description":"Anul acesta, la Castelul Maria, se contureaz\u0103 o nou\u0103 experien\u021b\u0103 - un atelier de ceramic\u0103, \u00een colaborare cu Ceramica David.","robots":{"index":"index","follow":"follow","max-snippet":"max-snippet:-1","max-image-preview":"max-image-preview:large","max-video-preview":"max-video-preview:-1"},"canonical":"https:\/\/castelulmaria.ro\/en\/2026\/03\/27\/gradina-florile-ceaiul-si-ceramica-o-experienta-senzoriala\/","og_locale":"en_US","og_type":"article","og_title":"Gr\u0103dina, florile, ceaiul \u0219i ceramica - o experien\u021b\u0103 senzorial\u0103\u00a0 - Castelul Maria","og_description":"Anul acesta, la Castelul Maria, se contureaz\u0103 o nou\u0103 experien\u021b\u0103 - un atelier de ceramic\u0103, \u00een colaborare cu Ceramica David.","og_url":"https:\/\/castelulmaria.ro\/en\/2026\/03\/27\/gradina-florile-ceaiul-si-ceramica-o-experienta-senzoriala\/","og_site_name":"Castelul Maria","article_publisher":"https:\/\/www.facebook.com\/vilacastelulmaria\/","article_published_time":"2026-03-27T09:00:58+00:00","article_modified_time":"2026-04-23T14:05:54+00:00","og_image":[{"width":2048,"height":1536,"url":"https:\/\/castelulmaria.ro\/wp-content\/uploads\/2026\/03\/526980209_1571371384219811_7820313549375206070_n.jpg","type":"image\/jpeg"}],"author":"admin","twitter_card":"summary_large_image","twitter_misc":{"Written by":"admin","Est. reading time":"4 minutes"},"schema":{"@context":"https:\/\/schema.org","@graph":[{"@type":"Article","@id":"https:\/\/castelulmaria.ro\/2026\/03\/27\/gradina-florile-ceaiul-si-ceramica-o-experienta-senzoriala\/#article","isPartOf":{"@id":"https:\/\/castelulmaria.ro\/2026\/03\/27\/gradina-florile-ceaiul-si-ceramica-o-experienta-senzoriala\/"},"author":{"name":"admin","@id":"https:\/\/snow-grasshopper-269883.hostingersite.com\/#\/schema\/person\/2eb21ac4c53f2c7a858d8485d122a3b5"},"headline":"Gr\u0103dina, florile, ceaiul \u0219i ceramica &#8211; o experien\u021b\u0103 senzorial\u0103\u00a0","datePublished":"2026-03-27T09:00:58+00:00","dateModified":"2026-04-23T14:05:54+00:00","mainEntityOfPage":{"@id":"https:\/\/castelulmaria.ro\/2026\/03\/27\/gradina-florile-ceaiul-si-ceramica-o-experienta-senzoriala\/"},"wordCount":469,"commentCount":0,"image":{"@id":"https:\/\/castelulmaria.ro\/2026\/03\/27\/gradina-florile-ceaiul-si-ceramica-o-experienta-senzoriala\/#primaryimage"},"thumbnailUrl":"https:\/\/castelulmaria.ro\/wp-content\/uploads\/2026\/03\/526980209_1571371384219811_7820313549375206070_n.jpg","articleSection":["Oferte"],"inLanguage":"en-US","potentialAction":[{"@type":"CommentAction","name":"Comment","target":["https:\/\/castelulmaria.ro\/2026\/03\/27\/gradina-florile-ceaiul-si-ceramica-o-experienta-senzoriala\/#respond"]}]},{"@type":"WebPage","@id":"https:\/\/castelulmaria.ro\/2026\/03\/27\/gradina-florile-ceaiul-si-ceramica-o-experienta-senzoriala\/","url":"https:\/\/castelulmaria.ro\/2026\/03\/27\/gradina-florile-ceaiul-si-ceramica-o-experienta-senzoriala\/","name":"Gr\u0103dina, florile, ceaiul \u0219i ceramica - o experien\u021b\u0103 senzorial\u0103\u00a0 - Castelul Maria","isPartOf":{"@id":"https:\/\/snow-grasshopper-269883.hostingersite.com\/#website"},"primaryImageOfPage":{"@id":"https:\/\/castelulmaria.ro\/2026\/03\/27\/gradina-florile-ceaiul-si-ceramica-o-experienta-senzoriala\/#primaryimage"},"image":{"@id":"https:\/\/castelulmaria.ro\/2026\/03\/27\/gradina-florile-ceaiul-si-ceramica-o-experienta-senzoriala\/#primaryimage"},"thumbnailUrl":"https:\/\/castelulmaria.ro\/wp-content\/uploads\/2026\/03\/526980209_1571371384219811_7820313549375206070_n.jpg","datePublished":"2026-03-27T09:00:58+00:00","dateModified":"2026-04-23T14:05:54+00:00","author":{"@id":"https:\/\/snow-grasshopper-269883.hostingersite.com\/#\/schema\/person\/2eb21ac4c53f2c7a858d8485d122a3b5"},"description":"Anul acesta, la Castelul Maria, se contureaz\u0103 o nou\u0103 experien\u021b\u0103 - un atelier de ceramic\u0103, \u00een colaborare cu Ceramica David.","breadcrumb":{"@id":"https:\/\/castelulmaria.ro\/2026\/03\/27\/gradina-florile-ceaiul-si-ceramica-o-experienta-senzoriala\/#breadcrumb"},"inLanguage":"en-US","potentialAction":[{"@type":"ReadAction","target":["https:\/\/castelulmaria.ro\/2026\/03\/27\/gradina-florile-ceaiul-si-ceramica-o-experienta-senzoriala\/"]}]},{"@type":"ImageObject","inLanguage":"en-US","@id":"https:\/\/castelulmaria.ro\/2026\/03\/27\/gradina-florile-ceaiul-si-ceramica-o-experienta-senzoriala\/#primaryimage","url":"https:\/\/castelulmaria.ro\/wp-content\/uploads\/2026\/03\/526980209_1571371384219811_7820313549375206070_n.jpg","contentUrl":"https:\/\/castelulmaria.ro\/wp-content\/uploads\/2026\/03\/526980209_1571371384219811_7820313549375206070_n.jpg","width":2048,"height":1536},{"@type":"BreadcrumbList","@id":"https:\/\/castelulmaria.ro\/2026\/03\/27\/gradina-florile-ceaiul-si-ceramica-o-experienta-senzoriala\/#breadcrumb","itemListElement":[{"@type":"ListItem","position":1,"name":"Prima pagin\u0103","item":"https:\/\/castelulmaria.ro\/"},{"@type":"ListItem","position":2,"name":"Gr\u0103dina, florile, ceaiul \u0219i ceramica &#8211; o experien\u021b\u0103 senzorial\u0103\u00a0"}]},{"@type":"WebSite","@id":"https:\/\/snow-grasshopper-269883.hostingersite.com\/#website","url":"https:\/\/snow-grasshopper-269883.hostingersite.com\/","name":"Castelul Maria","description":"Cazare in Transilvania","potentialAction":[{"@type":"SearchAction","target":{"@type":"EntryPoint","urlTemplate":"https:\/\/snow-grasshopper-269883.hostingersite.com\/?s={search_term_string}"},"query-input":{"@type":"PropertyValueSpecification","valueRequired":true,"valueName":"search_term_string"}}],"inLanguage":"en-US"},{"@type":"Person","@id":"https:\/\/snow-grasshopper-269883.hostingersite.com\/#\/schema\/person\/2eb21ac4c53f2c7a858d8485d122a3b5","name":"admin","image":{"@type":"ImageObject","inLanguage":"en-US","@id":"https:\/\/secure.gravatar.com\/avatar\/b75e84f2dd328112155b1e3f6ab7e223822248a2f52c8ebeeea1da8a7b886449?s=96&d=mm&r=g","url":"https:\/\/secure.gravatar.com\/avatar\/b75e84f2dd328112155b1e3f6ab7e223822248a2f52c8ebeeea1da8a7b886449?s=96&d=mm&r=g","contentUrl":"https:\/\/secure.gravatar.com\/avatar\/b75e84f2dd328112155b1e3f6ab7e223822248a2f52c8ebeeea1da8a7b886449?s=96&d=mm&r=g","caption":"admin"},"sameAs":["https:\/\/castelulmaria.ro"],"url":"https:\/\/castelulmaria.ro\/en\/author\/admin\/"}]}},"jetpack_featured_media_url":"https:\/\/castelulmaria.ro\/wp-content\/uploads\/2026\/03\/526980209_1571371384219811_7820313549375206070_n.jpg","jetpack_sharing_enabled":true,"jetpack-related-posts":[{"id":464,"url":"https:\/\/castelulmaria.ro\/en\/2026\/03\/27\/corn-cornus-mas-povestile-plantelor-din-gradina-vila-castelul-maria\/","url_meta":{"origin":458,"position":0},"title":"Corn, cornus mas &#8211; Pove\u0219tile plantelor din gr\u0103dina Vila Castelul Maria","author":"admin","date":"March 27, 2026","format":false,"excerpt":"Mi se spune Cornus mas \u0219i locuiesc la Castelul Maria de aproape 20 de ani.","rel":"","context":"In &quot;Pove\u0219tile plantelor&quot;","block_context":{"text":"Pove\u0219tile plantelor","link":"https:\/\/castelulmaria.ro\/en\/category\/povestile-plantelor\/"},"img":{"alt_text":"","src":"https:\/\/i0.wp.com\/castelulmaria.ro\/wp-content\/uploads\/2026\/03\/1000025055-1-scaled.jpg?resize=350%2C200&ssl=1","width":350,"height":200,"srcset":"https:\/\/i0.wp.com\/castelulmaria.ro\/wp-content\/uploads\/2026\/03\/1000025055-1-scaled.jpg?resize=350%2C200&ssl=1 1x, https:\/\/i0.wp.com\/castelulmaria.ro\/wp-content\/uploads\/2026\/03\/1000025055-1-scaled.jpg?resize=525%2C300&ssl=1 1.5x, https:\/\/i0.wp.com\/castelulmaria.ro\/wp-content\/uploads\/2026\/03\/1000025055-1-scaled.jpg?resize=700%2C400&ssl=1 2x, https:\/\/i0.wp.com\/castelulmaria.ro\/wp-content\/uploads\/2026\/03\/1000025055-1-scaled.jpg?resize=1050%2C600&ssl=1 3x, https:\/\/i0.wp.com\/castelulmaria.ro\/wp-content\/uploads\/2026\/03\/1000025055-1-scaled.jpg?resize=1400%2C800&ssl=1 4x"},"classes":[]},{"id":485,"url":"https:\/\/castelulmaria.ro\/en\/2026\/04\/07\/veronica-veronica-persica-povestile-plantelor-din-gradina-vila-castelul-maria\/","url_meta":{"origin":458,"position":1},"title":"Veronica, Veronica persica &#8211; Pove\u0219tile plantelor din gr\u0103dina Vila Castelul Maria","author":"admin","date":"April 7, 2026","format":false,"excerpt":"M\u0103 numesc Veronica. Am un glas mic. Dar \u00eel fac mare prin num\u0103rul florilor mele.","rel":"","context":"In &quot;Pove\u0219tile plantelor&quot;","block_context":{"text":"Pove\u0219tile plantelor","link":"https:\/\/castelulmaria.ro\/en\/category\/povestile-plantelor\/"},"img":{"alt_text":"","src":"https:\/\/i0.wp.com\/castelulmaria.ro\/wp-content\/uploads\/2026\/04\/1000027416-1-scaled.jpg?resize=350%2C200&ssl=1","width":350,"height":200,"srcset":"https:\/\/i0.wp.com\/castelulmaria.ro\/wp-content\/uploads\/2026\/04\/1000027416-1-scaled.jpg?resize=350%2C200&ssl=1 1x, https:\/\/i0.wp.com\/castelulmaria.ro\/wp-content\/uploads\/2026\/04\/1000027416-1-scaled.jpg?resize=525%2C300&ssl=1 1.5x, https:\/\/i0.wp.com\/castelulmaria.ro\/wp-content\/uploads\/2026\/04\/1000027416-1-scaled.jpg?resize=700%2C400&ssl=1 2x, https:\/\/i0.wp.com\/castelulmaria.ro\/wp-content\/uploads\/2026\/04\/1000027416-1-scaled.jpg?resize=1050%2C600&ssl=1 3x, https:\/\/i0.wp.com\/castelulmaria.ro\/wp-content\/uploads\/2026\/04\/1000027416-1-scaled.jpg?resize=1400%2C800&ssl=1 4x"},"classes":[]},{"id":501,"url":"https:\/\/castelulmaria.ro\/en\/2026\/04\/20\/mahonia-berberis-aquifolium-povestile-plantelor-din-gradina-vila-castelul-maria\/","url_meta":{"origin":458,"position":2},"title":"Mahonia, Berberis aquifolium \u2013 Pove\u0219tile plantelor din gr\u0103dina Vila Castelul Maria","author":"admin","date":"April 20, 2026","format":false,"excerpt":"M\u0103 numesc Mahonia berberis aquifolium \u0219i am venit s\u0103 v\u0103 vorbesc despre ce \u00eemi place mie s\u0103 fac.","rel":"","context":"In &quot;Pove\u0219tile plantelor&quot;","block_context":{"text":"Pove\u0219tile plantelor","link":"https:\/\/castelulmaria.ro\/en\/category\/povestile-plantelor\/"},"img":{"alt_text":"","src":"https:\/\/i0.wp.com\/castelulmaria.ro\/wp-content\/uploads\/2026\/04\/2-1000030876-scaled.jpg?resize=350%2C200&ssl=1","width":350,"height":200,"srcset":"https:\/\/i0.wp.com\/castelulmaria.ro\/wp-content\/uploads\/2026\/04\/2-1000030876-scaled.jpg?resize=350%2C200&ssl=1 1x, https:\/\/i0.wp.com\/castelulmaria.ro\/wp-content\/uploads\/2026\/04\/2-1000030876-scaled.jpg?resize=525%2C300&ssl=1 1.5x, https:\/\/i0.wp.com\/castelulmaria.ro\/wp-content\/uploads\/2026\/04\/2-1000030876-scaled.jpg?resize=700%2C400&ssl=1 2x, https:\/\/i0.wp.com\/castelulmaria.ro\/wp-content\/uploads\/2026\/04\/2-1000030876-scaled.jpg?resize=1050%2C600&ssl=1 3x, https:\/\/i0.wp.com\/castelulmaria.ro\/wp-content\/uploads\/2026\/04\/2-1000030876-scaled.jpg?resize=1400%2C800&ssl=1 4x"},"classes":[]}],"_links":{"self":[{"href":"https:\/\/castelulmaria.ro\/en\/wp-json\/wp\/v2\/posts\/458","targetHints":{"allow":["GET"]}}],"collection":[{"href":"https:\/\/castelulmaria.ro\/en\/wp-json\/wp\/v2\/posts"}],"about":[{"href":"https:\/\/castelulmaria.ro\/en\/wp-json\/wp\/v2\/types\/post"}],"author":[{"embeddable":true,"href":"https:\/\/castelulmaria.ro\/en\/wp-json\/wp\/v2\/users\/1"}],"replies":[{"embeddable":true,"href":"https:\/\/castelulmaria.ro\/en\/wp-json\/wp\/v2\/comments?post=458"}],"version-history":[{"count":4,"href":"https:\/\/castelulmaria.ro\/en\/wp-json\/wp\/v2\/posts\/458\/revisions"}],"predecessor-version":[{"id":517,"href":"https:\/\/castelulmaria.ro\/en\/wp-json\/wp\/v2\/posts\/458\/revisions\/517"}],"wp:featuredmedia":[{"embeddable":true,"href":"https:\/\/castelulmaria.ro\/en\/wp-json\/wp\/v2\/media\/459"}],"wp:attachment":[{"href":"https:\/\/castelulmaria.ro\/en\/wp-json\/wp\/v2\/media?parent=458"}],"wp:term":[{"taxonomy":"category","embeddable":true,"href":"https:\/\/castelulmaria.ro\/en\/wp-json\/wp\/v2\/categories?post=458"},{"taxonomy":"post_tag","embeddable":true,"href":"https:\/\/castelulmaria.ro\/en\/wp-json\/wp\/v2\/tags?post=458"}],"curies":[{"name":"wp","href":"https:\/\/api.w.org\/{rel}","templated":true}]}}